{"id":605,"date":"2024-02-21T16:22:48","date_gmt":"2024-02-21T16:22:48","guid":{"rendered":"https:\/\/lafitapsico.cat\/?p=605"},"modified":"2024-02-21T16:35:12","modified_gmt":"2024-02-21T16:35:12","slug":"la-fita-psicologia-revela-la-seva-nova-pagina-web-un-espai-virtual-per-a-la-salut-mental-i-el-benestar-emocional","status":"publish","type":"post","link":"https:\/\/lafitapsico.cat\/es\/la-fita-psicologia-revela-la-seva-nova-pagina-web-un-espai-virtual-per-a-la-salut-mental-i-el-benestar-emocional\/","title":{"rendered":"La Fita Psicologia revela la seva nova p\u00e0gina web. Un espai virtual per a la salut mental i el benestar emocional."},"content":{"rendered":"<div data-elementor-type=\"wp-post\" data-elementor-id=\"605\" class=\"elementor elementor-605\" data-elementor-post-type=\"post\">\n\t\t\t\t<div class=\"elementor-element elementor-element-ae3a278 e-con-full e-flex e-con e-parent\" data-id=\"ae3a278\" data-element_type=\"container\" data-e-type=\"container\">\n\t\t\t\t<div class=\"elementor-element elementor-element-3db95ce elementor-widget elementor-widget-image\" data-id=\"3db95ce\" data-element_type=\"widget\" data-e-type=\"widget\" data-widget_type=\"image.default\">\n\t\t\t\t<div class=\"elementor-widget-container\">\n\t\t\t\t\t\t\t\t\t\t\t\t\t\t\t<img fetchpriority=\"high\" decoding=\"async\" width=\"1024\" height=\"576\" src=\"https:\/\/lafitapsico.cat\/wp-content\/uploads\/2024\/02\/8-1024x576.jpg\" class=\"attachment-large size-large wp-image-83\" alt=\"\" srcset=\"https:\/\/lafitapsico.cat\/wp-content\/uploads\/2024\/02\/8-1024x576.jpg 1024w, https:\/\/lafitapsico.cat\/wp-content\/uploads\/2024\/02\/8-300x169.jpg 300w, https:\/\/lafitapsico.cat\/wp-content\/uploads\/2024\/02\/8-768x432.jpg 768w, https:\/\/lafitapsico.cat\/wp-content\/uploads\/2024\/02\/8-1536x864.jpg 1536w, https:\/\/lafitapsico.cat\/wp-content\/uploads\/2024\/02\/8.jpg 1920w\" sizes=\"(max-width: 1024px) 100vw, 1024px\" \/>\t\t\t\t\t\t\t\t\t\t\t\t\t\t\t<\/div>\n\t\t\t\t<\/div>\n\t\t\t\t<div class=\"elementor-element elementor-element-7b26c65 elementor-widget elementor-widget-text-editor\" data-id=\"7b26c65\" data-element_type=\"widget\" data-e-type=\"widget\" data-widget_type=\"text-editor.default\">\n\t\t\t\t<div class=\"elementor-widget-container\">\n\t\t\t\t\t\t\t\t\t<p><span style=\"font-weight: 400;\">La <strong>Fita Psicologia<\/strong>, referent en el camp de la salut mental, celebra un pas significatiu amb la inauguraci\u00f3 de la seva nova p\u00e0gina web. Aquesta plataforma virtual reflecteix la dedicaci\u00f3 cont\u00ednua de l&#8217;equip de professionals compromesos a proporcionar <strong>suport integral i personalitzat<\/strong> per al benestar emocional de cada individu.<\/span><\/p><p><span style=\"font-weight: 400;\">La nova p\u00e0gina web de La Fita Psicologia \u00e9s molt m\u00e9s que una plataforma en l\u00ednia; \u00e9s un <strong>portal interactiu<\/strong> dissenyat amb l&#8217;objectiu de ser un recurs \u00fatil per a aquells que busquen orientaci\u00f3, suport i creixement personal. Amb un disseny intuitiu i \u00e0gil navegaci\u00f3, l&#8217;usuari pot explorar els serveis oferts i con\u00e8ixer l&#8217;equip apassionat que est\u00e0 darrere de l&#8217;organitzaci\u00f3.<\/span><\/p>\t\t\t\t\t\t\t\t<\/div>\n\t\t\t\t<\/div>\n\t\t\t\t<div class=\"elementor-element elementor-element-e94e6db elementor-icon-list--layout-traditional elementor-list-item-link-full_width elementor-widget elementor-widget-icon-list\" data-id=\"e94e6db\" data-element_type=\"widget\" data-e-type=\"widget\" data-widget_type=\"icon-list.default\">\n\t\t\t\t<div class=\"elementor-widget-container\">\n\t\t\t\t\t\t\t<ul class=\"elementor-icon-list-items\">\n\t\t\t\t\t\t\t<li class=\"elementor-icon-list-item\">\n\t\t\t\t\t\t\t\t\t\t\t<span class=\"elementor-icon-list-icon\">\n\t\t\t\t\t\t\t<svg aria-hidden=\"true\" class=\"e-font-icon-svg e-fas-circle\" viewbox=\"0 0 512 512\" xmlns=\"http:\/\/www.w3.org\/2000\/svg\"><path d=\"M256 8C119 8 8 119 8 256s111 248 248 248 248-111 248-248S393 8 256 8z\"><\/path><\/svg>\t\t\t\t\t\t<\/span>\n\t\t\t\t\t\t\t\t\t\t<span class=\"elementor-icon-list-text\"><b>Espai acollidor i segur:<\/b> La Fita Psicologia ofereix un ambient virtual c\u00e0lid i segur, reflectint el comprom\u00eds de l'equip amb el benestar emocional.<\/span>\n\t\t\t\t\t\t\t\t\t<\/li>\n\t\t\t\t\t\t\t\t<li class=\"elementor-icon-list-item\">\n\t\t\t\t\t\t\t\t\t\t\t<span class=\"elementor-icon-list-icon\">\n\t\t\t\t\t\t\t<svg aria-hidden=\"true\" class=\"e-font-icon-svg e-fas-circle\" viewbox=\"0 0 512 512\" xmlns=\"http:\/\/www.w3.org\/2000\/svg\"><path d=\"M256 8C119 8 8 119 8 256s111 248 248 248 248-111 248-248S393 8 256 8z\"><\/path><\/svg>\t\t\t\t\t\t<\/span>\n\t\t\t\t\t\t\t\t\t\t<span class=\"elementor-icon-list-text\"><b>Professionals qualificats:<\/b> L'equip de La Fita Psicologia est\u00e0 format per professionals altament qualificats, amb una passi\u00f3 compartida per guiar els individus cap al creixement i la superaci\u00f3 de desafiaments.<\/span>\n\t\t\t\t\t\t\t\t\t<\/li>\n\t\t\t\t\t\t\t\t<li class=\"elementor-icon-list-item\">\n\t\t\t\t\t\t\t\t\t\t\t<span class=\"elementor-icon-list-icon\">\n\t\t\t\t\t\t\t<svg aria-hidden=\"true\" class=\"e-font-icon-svg e-fas-circle\" viewbox=\"0 0 512 512\" xmlns=\"http:\/\/www.w3.org\/2000\/svg\"><path d=\"M256 8C119 8 8 119 8 256s111 248 248 248 248-111 248-248S393 8 256 8z\"><\/path><\/svg>\t\t\t\t\t\t<\/span>\n\t\t\t\t\t\t\t\t\t\t<span class=\"elementor-icon-list-text\"><b>Enfocament col\u00b7laboratiu:<\/b> Creiem en un enfocament col\u00b7laboratiu i personalitzat, treballant estretament amb cada individu per crear plans de suport que responguin a les seves necessitats \u00faniques.<\/span>\n\t\t\t\t\t\t\t\t\t<\/li>\n\t\t\t\t\t\t\t\t<li class=\"elementor-icon-list-item\">\n\t\t\t\t\t\t\t\t\t\t\t<span class=\"elementor-icon-list-icon\">\n\t\t\t\t\t\t\t<svg aria-hidden=\"true\" class=\"e-font-icon-svg e-fas-circle\" viewbox=\"0 0 512 512\" xmlns=\"http:\/\/www.w3.org\/2000\/svg\"><path d=\"M256 8C119 8 8 119 8 256s111 248 248 248 248-111 248-248S393 8 256 8z\"><\/path><\/svg>\t\t\t\t\t\t<\/span>\n\t\t\t\t\t\t\t\t\t\t<span class=\"elementor-icon-list-text\"><b>Diverses \u00e0rees d'especialitzaci\u00f3:<\/b> L'equip de La Fita Psicologia ofereix suport en diferents aspectes de la vida emocional i mental, proporcionant una gamma completa de serveis adaptats a les necessitats individuals.<\/span>\n\t\t\t\t\t\t\t\t\t<\/li>\n\t\t\t\t\t\t<\/ul>\n\t\t\t\t\t\t<\/div>\n\t\t\t\t<\/div>\n\t\t\t\t<\/div>\n\t\t\t\t<\/div>","protected":false},"excerpt":{"rendered":"<p>La Fita Psicologia, referent en el camp de la salut mental, celebra un pas significatiu amb la inauguraci\u00f3 de la seva nova p\u00e0gina web.<\/p>","protected":false},"author":1,"featured_media":78,"comment_status":"closed","ping_status":"open","sticky":false,"template":"","format":"standard","meta":{"site-sidebar-layout":"default","site-content-layout":"","ast-site-content-layout":"default","site-content-style":"default","site-sidebar-style":"default","ast-global-header-display":"","ast-banner-title-visibility":"","ast-main-header-display":"","ast-hfb-above-header-display":"","ast-hfb-below-header-display":"","ast-hfb-mobile-header-display":"","site-post-title":"","ast-breadcrumbs-content":"","ast-featured-img":"","footer-sml-layout":"","ast-disable-related-posts":"","theme-transparent-header-meta":"","adv-header-id-meta":"","stick-header-meta":"","header-above-stick-meta":"","header-main-stick-meta":"","header-below-stick-meta":"","astra-migrate-meta-layouts":"default","ast-page-background-enabled":"default","ast-page-background-meta":{"desktop":{"background-color":"var(--ast-global-color-4)","background-image":"","background-repeat":"repeat","background-position":"center center","background-size":"auto","background-attachment":"scroll","background-type":"","background-media":"","overlay-type":"","overlay-color":"","overlay-opacity":"","overlay-gradient":""},"tablet":{"background-color":"","background-image":"","background-repeat":"repeat","background-position":"center center","background-size":"auto","background-attachment":"scroll","background-type":"","background-media":"","overlay-type":"","overlay-color":"","overlay-opacity":"","overlay-gradient":""},"mobile":{"background-color":"","background-image":"","background-repeat":"repeat","background-position":"center center","background-size":"auto","background-attachment":"scroll","background-type":"","background-media":"","overlay-type":"","overlay-color":"","overlay-opacity":"","overlay-gradient":""}},"ast-content-background-meta":{"desktop":{"background-color":"var(--ast-global-color-5)","background-image":"","background-repeat":"repeat","background-position":"center center","background-size":"auto","background-attachment":"scroll","background-type":"","background-media":"","overlay-type":"","overlay-color":"","overlay-opacity":"","overlay-gradient":""},"tablet":{"background-color":"var(--ast-global-color-5)","background-image":"","background-repeat":"repeat","background-position":"center center","background-size":"auto","background-attachment":"scroll","background-type":"","background-media":"","overlay-type":"","overlay-color":"","overlay-opacity":"","overlay-gradient":""},"mobile":{"background-color":"var(--ast-global-color-5)","background-image":"","background-repeat":"repeat","background-position":"center center","background-size":"auto","background-attachment":"scroll","background-type":"","background-media":"","overlay-type":"","overlay-color":"","overlay-opacity":"","overlay-gradient":""}},"footnotes":""},"categories":[1],"tags":[],"class_list":["post-605","post","type-post","status-publish","format-standard","has-post-thumbnail","hentry","category-uncategorized"],"yoast_head":"<!-- This site is optimized with the Yoast SEO plugin v27.0 - https:\/\/yoast.com\/product\/yoast-seo-wordpress\/ -->\n<title>La Fita Psicologia revela la seva nova p\u00e0gina web. Un espai virtual per a la salut mental i el benestar emocional. - La Fita Psicologia<\/title>\n<meta name=\"robots\" content=\"index, follow, max-snippet:-1, max-image-preview:large, max-video-preview:-1\" \/>\n<link rel=\"canonical\" href=\"https:\/\/lafitapsico.cat\/es\/la-fita-psicologia-revela-la-seva-nova-pagina-web-un-espai-virtual-per-a-la-salut-mental-i-el-benestar-emocional\/\" \/>\n<meta property=\"og:locale\" content=\"es_ES\" \/>\n<meta property=\"og:type\" content=\"article\" \/>\n<meta property=\"og:title\" content=\"La Fita Psicologia revela la seva nova p\u00e0gina web. Un espai virtual per a la salut mental i el benestar emocional. - La Fita Psicologia\" \/>\n<meta property=\"og:description\" content=\"La Fita Psicologia, referent en el camp de la salut mental, celebra un pas significatiu amb la inauguraci\u00f3 de la seva nova p\u00e0gina web.\" \/>\n<meta property=\"og:url\" content=\"https:\/\/lafitapsico.cat\/es\/la-fita-psicologia-revela-la-seva-nova-pagina-web-un-espai-virtual-per-a-la-salut-mental-i-el-benestar-emocional\/\" \/>\n<meta property=\"og:site_name\" content=\"La Fita Psicologia\" \/>\n<meta property=\"article:published_time\" content=\"2024-02-21T16:22:48+00:00\" \/>\n<meta property=\"article:modified_time\" content=\"2024-02-21T16:35:12+00:00\" \/>\n<meta property=\"og:image\" content=\"https:\/\/lafitapsico.cat\/wp-content\/uploads\/2024\/02\/3.jpg\" \/>\n\t<meta property=\"og:image:width\" content=\"1920\" \/>\n\t<meta property=\"og:image:height\" content=\"1080\" \/>\n\t<meta property=\"og:image:type\" content=\"image\/jpeg\" \/>\n<meta name=\"author\" content=\"admin\" \/>\n<meta name=\"twitter:card\" content=\"summary_large_image\" \/>\n<meta name=\"twitter:label1\" content=\"Escrito por\" \/>\n\t<meta name=\"twitter:data1\" content=\"admin\" \/>\n\t<meta name=\"twitter:label2\" content=\"Tiempo de lectura\" \/>\n\t<meta name=\"twitter:data2\" content=\"1 minuto\" \/>\n<script type=\"application\/ld+json\" class=\"yoast-schema-graph\">{\"@context\":\"https:\/\/schema.org\",\"@graph\":[{\"@type\":\"Article\",\"@id\":\"https:\/\/lafitapsico.cat\/la-fita-psicologia-revela-la-seva-nova-pagina-web-un-espai-virtual-per-a-la-salut-mental-i-el-benestar-emocional\/#article\",\"isPartOf\":{\"@id\":\"https:\/\/lafitapsico.cat\/la-fita-psicologia-revela-la-seva-nova-pagina-web-un-espai-virtual-per-a-la-salut-mental-i-el-benestar-emocional\/\"},\"author\":{\"name\":\"admin\",\"@id\":\"https:\/\/lafitapsico.cat\/#\/schema\/person\/f94d8eff1fa4a9b83523c63e51d3a19c\"},\"headline\":\"La Fita Psicologia revela la seva nova p\u00e0gina web. Un espai virtual per a la salut mental i el benestar emocional.\",\"datePublished\":\"2024-02-21T16:22:48+00:00\",\"dateModified\":\"2024-02-21T16:35:12+00:00\",\"mainEntityOfPage\":{\"@id\":\"https:\/\/lafitapsico.cat\/la-fita-psicologia-revela-la-seva-nova-pagina-web-un-espai-virtual-per-a-la-salut-mental-i-el-benestar-emocional\/\"},\"wordCount\":258,\"publisher\":{\"@id\":\"https:\/\/lafitapsico.cat\/#organization\"},\"image\":{\"@id\":\"https:\/\/lafitapsico.cat\/la-fita-psicologia-revela-la-seva-nova-pagina-web-un-espai-virtual-per-a-la-salut-mental-i-el-benestar-emocional\/#primaryimage\"},\"thumbnailUrl\":\"https:\/\/lafitapsico.cat\/wp-content\/uploads\/2024\/02\/3.jpg\",\"articleSection\":[\"Uncategorized\"],\"inLanguage\":\"es\"},{\"@type\":\"WebPage\",\"@id\":\"https:\/\/lafitapsico.cat\/la-fita-psicologia-revela-la-seva-nova-pagina-web-un-espai-virtual-per-a-la-salut-mental-i-el-benestar-emocional\/\",\"url\":\"https:\/\/lafitapsico.cat\/la-fita-psicologia-revela-la-seva-nova-pagina-web-un-espai-virtual-per-a-la-salut-mental-i-el-benestar-emocional\/\",\"name\":\"La Fita Psicologia revela la seva nova p\u00e0gina web. Un espai virtual per a la salut mental i el benestar emocional. - La Fita Psicologia\",\"isPartOf\":{\"@id\":\"https:\/\/lafitapsico.cat\/#website\"},\"primaryImageOfPage\":{\"@id\":\"https:\/\/lafitapsico.cat\/la-fita-psicologia-revela-la-seva-nova-pagina-web-un-espai-virtual-per-a-la-salut-mental-i-el-benestar-emocional\/#primaryimage\"},\"image\":{\"@id\":\"https:\/\/lafitapsico.cat\/la-fita-psicologia-revela-la-seva-nova-pagina-web-un-espai-virtual-per-a-la-salut-mental-i-el-benestar-emocional\/#primaryimage\"},\"thumbnailUrl\":\"https:\/\/lafitapsico.cat\/wp-content\/uploads\/2024\/02\/3.jpg\",\"datePublished\":\"2024-02-21T16:22:48+00:00\",\"dateModified\":\"2024-02-21T16:35:12+00:00\",\"breadcrumb\":{\"@id\":\"https:\/\/lafitapsico.cat\/la-fita-psicologia-revela-la-seva-nova-pagina-web-un-espai-virtual-per-a-la-salut-mental-i-el-benestar-emocional\/#breadcrumb\"},\"inLanguage\":\"es\",\"potentialAction\":[{\"@type\":\"ReadAction\",\"target\":[\"https:\/\/lafitapsico.cat\/la-fita-psicologia-revela-la-seva-nova-pagina-web-un-espai-virtual-per-a-la-salut-mental-i-el-benestar-emocional\/\"]}]},{\"@type\":\"ImageObject\",\"inLanguage\":\"es\",\"@id\":\"https:\/\/lafitapsico.cat\/la-fita-psicologia-revela-la-seva-nova-pagina-web-un-espai-virtual-per-a-la-salut-mental-i-el-benestar-emocional\/#primaryimage\",\"url\":\"https:\/\/lafitapsico.cat\/wp-content\/uploads\/2024\/02\/3.jpg\",\"contentUrl\":\"https:\/\/lafitapsico.cat\/wp-content\/uploads\/2024\/02\/3.jpg\",\"width\":1920,\"height\":1080},{\"@type\":\"BreadcrumbList\",\"@id\":\"https:\/\/lafitapsico.cat\/la-fita-psicologia-revela-la-seva-nova-pagina-web-un-espai-virtual-per-a-la-salut-mental-i-el-benestar-emocional\/#breadcrumb\",\"itemListElement\":[{\"@type\":\"ListItem\",\"position\":1,\"name\":\"Portada\",\"item\":\"https:\/\/lafitapsico.cat\/\"},{\"@type\":\"ListItem\",\"position\":2,\"name\":\"La Fita Psicologia revela la seva nova p\u00e0gina web. Un espai virtual per a la salut mental i el benestar emocional.\"}]},{\"@type\":\"WebSite\",\"@id\":\"https:\/\/lafitapsico.cat\/#website\",\"url\":\"https:\/\/lafitapsico.cat\/\",\"name\":\"La Fita Psicologia\",\"description\":\"Cam\u00ed cap al benenestar emocional i equilibri personal\",\"publisher\":{\"@id\":\"https:\/\/lafitapsico.cat\/#organization\"},\"potentialAction\":[{\"@type\":\"SearchAction\",\"target\":{\"@type\":\"EntryPoint\",\"urlTemplate\":\"https:\/\/lafitapsico.cat\/?s={search_term_string}\"},\"query-input\":{\"@type\":\"PropertyValueSpecification\",\"valueRequired\":true,\"valueName\":\"search_term_string\"}}],\"inLanguage\":\"es\"},{\"@type\":\"Organization\",\"@id\":\"https:\/\/lafitapsico.cat\/#organization\",\"name\":\"La Fita Psicologia\",\"url\":\"https:\/\/lafitapsico.cat\/\",\"logo\":{\"@type\":\"ImageObject\",\"inLanguage\":\"es\",\"@id\":\"https:\/\/lafitapsico.cat\/#\/schema\/logo\/image\/\",\"url\":\"https:\/\/lafitapsico.cat\/wp-content\/uploads\/2024\/02\/La-Fita-Psicologia.webp\",\"contentUrl\":\"https:\/\/lafitapsico.cat\/wp-content\/uploads\/2024\/02\/La-Fita-Psicologia.webp\",\"width\":650,\"height\":254,\"caption\":\"La Fita Psicologia\"},\"image\":{\"@id\":\"https:\/\/lafitapsico.cat\/#\/schema\/logo\/image\/\"}},{\"@type\":\"Person\",\"@id\":\"https:\/\/lafitapsico.cat\/#\/schema\/person\/f94d8eff1fa4a9b83523c63e51d3a19c\",\"name\":\"admin\",\"image\":{\"@type\":\"ImageObject\",\"inLanguage\":\"es\",\"@id\":\"https:\/\/lafitapsico.cat\/#\/schema\/person\/image\/\",\"url\":\"https:\/\/secure.gravatar.com\/avatar\/44c520d0ee00f53bf5bce3cfe25f0f21a8b564001fa9d374716835d95b110394?s=96&d=mm&r=g\",\"contentUrl\":\"https:\/\/secure.gravatar.com\/avatar\/44c520d0ee00f53bf5bce3cfe25f0f21a8b564001fa9d374716835d95b110394?s=96&d=mm&r=g\",\"caption\":\"admin\"},\"sameAs\":[\"https:\/\/lafitapsico.cat\"],\"url\":\"https:\/\/lafitapsico.cat\/es\/author\/admin_tfjxzy8x\/\"}]}<\/script>\n<!-- \/ Yoast SEO plugin. -->","yoast_head_json":{"title":"La Fita Psicologia revela la seva nova p\u00e0gina web. Un espai virtual per a la salut mental i el benestar emocional. - La Fita Psicologia","robots":{"index":"index","follow":"follow","max-snippet":"max-snippet:-1","max-image-preview":"max-image-preview:large","max-video-preview":"max-video-preview:-1"},"canonical":"https:\/\/lafitapsico.cat\/es\/la-fita-psicologia-revela-la-seva-nova-pagina-web-un-espai-virtual-per-a-la-salut-mental-i-el-benestar-emocional\/","og_locale":"es_ES","og_type":"article","og_title":"La Fita Psicologia revela la seva nova p\u00e0gina web. Un espai virtual per a la salut mental i el benestar emocional. - La Fita Psicologia","og_description":"La Fita Psicologia, referent en el camp de la salut mental, celebra un pas significatiu amb la inauguraci\u00f3 de la seva nova p\u00e0gina web.","og_url":"https:\/\/lafitapsico.cat\/es\/la-fita-psicologia-revela-la-seva-nova-pagina-web-un-espai-virtual-per-a-la-salut-mental-i-el-benestar-emocional\/","og_site_name":"La Fita Psicologia","article_published_time":"2024-02-21T16:22:48+00:00","article_modified_time":"2024-02-21T16:35:12+00:00","og_image":[{"width":1920,"height":1080,"url":"https:\/\/lafitapsico.cat\/wp-content\/uploads\/2024\/02\/3.jpg","type":"image\/jpeg"}],"author":"admin","twitter_card":"summary_large_image","twitter_misc":{"Escrito por":"admin","Tiempo de lectura":"1 minuto"},"schema":{"@context":"https:\/\/schema.org","@graph":[{"@type":"Article","@id":"https:\/\/lafitapsico.cat\/la-fita-psicologia-revela-la-seva-nova-pagina-web-un-espai-virtual-per-a-la-salut-mental-i-el-benestar-emocional\/#article","isPartOf":{"@id":"https:\/\/lafitapsico.cat\/la-fita-psicologia-revela-la-seva-nova-pagina-web-un-espai-virtual-per-a-la-salut-mental-i-el-benestar-emocional\/"},"author":{"name":"admin","@id":"https:\/\/lafitapsico.cat\/#\/schema\/person\/f94d8eff1fa4a9b83523c63e51d3a19c"},"headline":"La Fita Psicologia revela la seva nova p\u00e0gina web. Un espai virtual per a la salut mental i el benestar emocional.","datePublished":"2024-02-21T16:22:48+00:00","dateModified":"2024-02-21T16:35:12+00:00","mainEntityOfPage":{"@id":"https:\/\/lafitapsico.cat\/la-fita-psicologia-revela-la-seva-nova-pagina-web-un-espai-virtual-per-a-la-salut-mental-i-el-benestar-emocional\/"},"wordCount":258,"publisher":{"@id":"https:\/\/lafitapsico.cat\/#organization"},"image":{"@id":"https:\/\/lafitapsico.cat\/la-fita-psicologia-revela-la-seva-nova-pagina-web-un-espai-virtual-per-a-la-salut-mental-i-el-benestar-emocional\/#primaryimage"},"thumbnailUrl":"https:\/\/lafitapsico.cat\/wp-content\/uploads\/2024\/02\/3.jpg","articleSection":["Uncategorized"],"inLanguage":"es"},{"@type":"WebPage","@id":"https:\/\/lafitapsico.cat\/la-fita-psicologia-revela-la-seva-nova-pagina-web-un-espai-virtual-per-a-la-salut-mental-i-el-benestar-emocional\/","url":"https:\/\/lafitapsico.cat\/la-fita-psicologia-revela-la-seva-nova-pagina-web-un-espai-virtual-per-a-la-salut-mental-i-el-benestar-emocional\/","name":"La Fita Psicologia revela la seva nova p\u00e0gina web. Un espai virtual per a la salut mental i el benestar emocional. - La Fita Psicologia","isPartOf":{"@id":"https:\/\/lafitapsico.cat\/#website"},"primaryImageOfPage":{"@id":"https:\/\/lafitapsico.cat\/la-fita-psicologia-revela-la-seva-nova-pagina-web-un-espai-virtual-per-a-la-salut-mental-i-el-benestar-emocional\/#primaryimage"},"image":{"@id":"https:\/\/lafitapsico.cat\/la-fita-psicologia-revela-la-seva-nova-pagina-web-un-espai-virtual-per-a-la-salut-mental-i-el-benestar-emocional\/#primaryimage"},"thumbnailUrl":"https:\/\/lafitapsico.cat\/wp-content\/uploads\/2024\/02\/3.jpg","datePublished":"2024-02-21T16:22:48+00:00","dateModified":"2024-02-21T16:35:12+00:00","breadcrumb":{"@id":"https:\/\/lafitapsico.cat\/la-fita-psicologia-revela-la-seva-nova-pagina-web-un-espai-virtual-per-a-la-salut-mental-i-el-benestar-emocional\/#breadcrumb"},"inLanguage":"es","potentialAction":[{"@type":"ReadAction","target":["https:\/\/lafitapsico.cat\/la-fita-psicologia-revela-la-seva-nova-pagina-web-un-espai-virtual-per-a-la-salut-mental-i-el-benestar-emocional\/"]}]},{"@type":"ImageObject","inLanguage":"es","@id":"https:\/\/lafitapsico.cat\/la-fita-psicologia-revela-la-seva-nova-pagina-web-un-espai-virtual-per-a-la-salut-mental-i-el-benestar-emocional\/#primaryimage","url":"https:\/\/lafitapsico.cat\/wp-content\/uploads\/2024\/02\/3.jpg","contentUrl":"https:\/\/lafitapsico.cat\/wp-content\/uploads\/2024\/02\/3.jpg","width":1920,"height":1080},{"@type":"BreadcrumbList","@id":"https:\/\/lafitapsico.cat\/la-fita-psicologia-revela-la-seva-nova-pagina-web-un-espai-virtual-per-a-la-salut-mental-i-el-benestar-emocional\/#breadcrumb","itemListElement":[{"@type":"ListItem","position":1,"name":"Portada","item":"https:\/\/lafitapsico.cat\/"},{"@type":"ListItem","position":2,"name":"La Fita Psicologia revela la seva nova p\u00e0gina web. Un espai virtual per a la salut mental i el benestar emocional."}]},{"@type":"WebSite","@id":"https:\/\/lafitapsico.cat\/#website","url":"https:\/\/lafitapsico.cat\/","name":"La Fita Psicologia","description":"Cam\u00ed cap al benenestar emocional i equilibri personal","publisher":{"@id":"https:\/\/lafitapsico.cat\/#organization"},"potentialAction":[{"@type":"SearchAction","target":{"@type":"EntryPoint","urlTemplate":"https:\/\/lafitapsico.cat\/?s={search_term_string}"},"query-input":{"@type":"PropertyValueSpecification","valueRequired":true,"valueName":"search_term_string"}}],"inLanguage":"es"},{"@type":"Organization","@id":"https:\/\/lafitapsico.cat\/#organization","name":"La Fita Psicologia","url":"https:\/\/lafitapsico.cat\/","logo":{"@type":"ImageObject","inLanguage":"es","@id":"https:\/\/lafitapsico.cat\/#\/schema\/logo\/image\/","url":"https:\/\/lafitapsico.cat\/wp-content\/uploads\/2024\/02\/La-Fita-Psicologia.webp","contentUrl":"https:\/\/lafitapsico.cat\/wp-content\/uploads\/2024\/02\/La-Fita-Psicologia.webp","width":650,"height":254,"caption":"La Fita Psicologia"},"image":{"@id":"https:\/\/lafitapsico.cat\/#\/schema\/logo\/image\/"}},{"@type":"Person","@id":"https:\/\/lafitapsico.cat\/#\/schema\/person\/f94d8eff1fa4a9b83523c63e51d3a19c","name":"admin","image":{"@type":"ImageObject","inLanguage":"es","@id":"https:\/\/lafitapsico.cat\/#\/schema\/person\/image\/","url":"https:\/\/secure.gravatar.com\/avatar\/44c520d0ee00f53bf5bce3cfe25f0f21a8b564001fa9d374716835d95b110394?s=96&d=mm&r=g","contentUrl":"https:\/\/secure.gravatar.com\/avatar\/44c520d0ee00f53bf5bce3cfe25f0f21a8b564001fa9d374716835d95b110394?s=96&d=mm&r=g","caption":"admin"},"sameAs":["https:\/\/lafitapsico.cat"],"url":"https:\/\/lafitapsico.cat\/es\/author\/admin_tfjxzy8x\/"}]}},"_links":{"self":[{"href":"https:\/\/lafitapsico.cat\/es\/wp-json\/wp\/v2\/posts\/605","targetHints":{"allow":["GET"]}}],"collection":[{"href":"https:\/\/lafitapsico.cat\/es\/wp-json\/wp\/v2\/posts"}],"about":[{"href":"https:\/\/lafitapsico.cat\/es\/wp-json\/wp\/v2\/types\/post"}],"author":[{"embeddable":true,"href":"https:\/\/lafitapsico.cat\/es\/wp-json\/wp\/v2\/users\/1"}],"replies":[{"embeddable":true,"href":"https:\/\/lafitapsico.cat\/es\/wp-json\/wp\/v2\/comments?post=605"}],"version-history":[{"count":28,"href":"https:\/\/lafitapsico.cat\/es\/wp-json\/wp\/v2\/posts\/605\/revisions"}],"predecessor-version":[{"id":635,"href":"https:\/\/lafitapsico.cat\/es\/wp-json\/wp\/v2\/posts\/605\/revisions\/635"}],"wp:featuredmedia":[{"embeddable":true,"href":"https:\/\/lafitapsico.cat\/es\/wp-json\/wp\/v2\/media\/78"}],"wp:attachment":[{"href":"https:\/\/lafitapsico.cat\/es\/wp-json\/wp\/v2\/media?parent=605"}],"wp:term":[{"taxonomy":"category","embeddable":true,"href":"https:\/\/lafitapsico.cat\/es\/wp-json\/wp\/v2\/categories?post=605"},{"taxonomy":"post_tag","embeddable":true,"href":"https:\/\/lafitapsico.cat\/es\/wp-json\/wp\/v2\/tags?post=605"}],"curies":[{"name":"wp","href":"https:\/\/api.w.org\/{rel}","templated":true}]}}